{"id":1136,"date":"2014-05-02T00:00:00","date_gmt":"2014-05-01T22:00:00","guid":{"rendered":"http:\/\/nuovosito.museoomero.it\/18a-de-majo-internacia-tago-de-muzeoj-vojagante-sur-la-maro-boato\/"},"modified":"2020-10-20T11:56:10","modified_gmt":"2020-10-20T09:56:10","slug":"18a-de-majo-internacia-tago-de-muzeoj-vojagante-sur-la-maro-boato","status":"publish","type":"post","link":"https:\/\/museoomero.it\/eo\/eventoj\/18a-de-majo-internacia-tago-de-muzeoj-vojagante-sur-la-maro-boato\/","title":{"rendered":"18a de Majo Internacia Tago de Muzeoj: Voja\u011dante, sur la maro, boato\u2026"},"content":{"rendered":"\n<p><img decoding=\"async\" src=\"\/uploads\/Image\/eventi\/2014\/laboratorio-viaggio-w.jpg\" alt=\"locandina\"><\/p>\n\n\n\n<p><strong>Diman\u0109on la 18an de Majo je la 17,00<br>\u015ctata Palpsenta Muzeo Homero, Ankono<br>Didaktika laborejo por familioj kaj infanoj 4- \u011dis 10-jara<\/strong><\/p>\n\n\n\n<p>Okaze de la Internacia Tago de Muzeoj elektinta la temon &#8220;Museums collections, make connections&#8221; (&#8220;Interrilatigu muzeajn kolektojn&#8221;) ni kune legos palpsentajn librojn dedi\u0109itajn al maro kaj voja\u011doj: &#8220;Gaia kaj la maro&#8221;, &#8220;Estis iam boato&#8221; &#8211; kaj poste, en laborejo, ni kune realigos palpsentan libron kun la helpo de manjo kaj pa\u0109jo.<\/p>\n\n\n\n<p>La temo de 2014 Make connections with collections &#8211; Interrilatigu muzeajn kolektojn, memorigas, ke muzeoj estas vivantaj institucioj, kiuj helpas krei ligojn kun la vizitantoj, inter generacioj kaj mondaj kulturoj, kaj doni eblan respondon alla nuntempaj demandoj de la mondo.<\/p>\n\n\n\n<p>La aran\u011do okazas kadre de &#8220;Gran Tour Musei 2014&#8221; iniciatita de Regiono Markio kun subteno de la muzeaj sistemoj de la provincoj Ankono kaj Macerata, ICOM Italia kaj kun la kunlaboro de Ministerio por Kulturaj Ri\u0109a\u0135oj kaj Agado kaj Turismo &#8211; Regiona Direkcio por Kulturaj kaj Pejza\u011daj Ri\u0109a\u0135oj de Markio. &#8220;Grand Tour Musei&#8221; okazas kadre de la Festivalo de Markiaj Muzeoj &#8220;Happy Museum&#8221;. La iniciato disvolvi\u011das kun la helpo de la volontuloj de la Nacia Civila Servo, de la E\u016dropa Volontula Servo, de Associazione per il Museo Tattile Statale Omero ONLUS kaj de la praktikantoj.<\/p>\n\n\n\n<h2 class=\"wp-block-heading\">Informoj<\/h2>\n\n\n\n<p>Loko: Museo Tattile Statale Omero &#8211; Mole Vanvitelliana, Banchina Giovanni da Chio 28, Ancona.<br>Eniro: po 3 e\u016droj, escepte de infanoj 0- \u011dis 4-jaraj, handikapuloj kaj iliaj akompanantoj. Rabato membro IKEA FAMILY: po 2,50 euro.<br>Tel. 071 28 11935<br>Email: didattica@museoomero.it<\/p>\n","protected":false},"excerpt":{"rendered":"<p>Diman\u0109on la 18an de Majo je la 17,00<br \/>\n\u015ctata Palpsenta Muzeo Homero, Ankono<br \/>\nDidaktika laborejo por familioj kaj infanoj 4- \u011dis 10-jaraj <\/p>\n","protected":false},"author":1,"featured_media":0,"comment_status":"open","ping_status":"open","sticky":false,"template":"","format":"standard","meta":{"_acf_changed":false,"_jetpack_memberships_contains_paid_content":false,"footnotes":""},"categories":[43],"tags":[],"class_list":["post-1136","post","type-post","status-publish","format-standard","hentry","category-eventoj"],"acf":[],"yoast_head":"<!-- This site is optimized with the Yoast SEO plugin v27.4 - https:\/\/yoast.com\/product\/yoast-seo-wordpress\/ -->\n<title>18a de Majo Internacia Tago de Muzeoj: Voja\u011dante, sur la maro, boato\u2026 - Museo Omero<\/title>\n<meta name=\"robots\" content=\"index, follow, max-snippet:-1, max-image-preview:large, max-video-preview:-1\" \/>\n<link rel=\"canonical\" href=\"https:\/\/museoomero.it\/eo\/eventoj\/18a-de-majo-internacia-tago-de-muzeoj-vojagante-sur-la-maro-boato\/\" \/>\n<meta property=\"og:locale\" content=\"eo_EO\" \/>\n<meta property=\"og:type\" content=\"article\" \/>\n<meta property=\"og:title\" content=\"18a de Majo Internacia Tago de Muzeoj: Voja\u011dante, sur la maro, boato\u2026 - Museo Omero\" \/>\n<meta property=\"og:description\" content=\"Diman\u0109on la 18an de Majo je la 17,00 \u015ctata Palpsenta Muzeo Homero, Ankono Didaktika laborejo por familioj kaj infanoj 4- \u011dis 10-jaraj\" \/>\n<meta property=\"og:url\" content=\"https:\/\/museoomero.it\/eo\/eventoj\/18a-de-majo-internacia-tago-de-muzeoj-vojagante-sur-la-maro-boato\/\" \/>\n<meta property=\"og:site_name\" content=\"Museo Omero\" \/>\n<meta property=\"article:published_time\" content=\"2014-05-01T22:00:00+00:00\" \/>\n<meta property=\"article:modified_time\" content=\"2020-10-20T09:56:10+00:00\" \/>\n<meta name=\"author\" content=\"omero-admin\" \/>\n<meta name=\"twitter:card\" content=\"summary_large_image\" \/>\n<meta name=\"twitter:label1\" content=\"Written by\" \/>\n\t<meta name=\"twitter:data1\" content=\"omero-admin\" \/>\n\t<meta name=\"twitter:label2\" content=\"Est. reading time\" \/>\n\t<meta name=\"twitter:data2\" content=\"1 minute\" \/>\n<script type=\"application\/ld+json\" class=\"yoast-schema-graph\">{\"@context\":\"https:\\\/\\\/schema.org\",\"@graph\":[{\"@type\":\"Article\",\"@id\":\"https:\\\/\\\/museoomero.it\\\/eo\\\/eventoj\\\/18a-de-majo-internacia-tago-de-muzeoj-vojagante-sur-la-maro-boato\\\/#article\",\"isPartOf\":{\"@id\":\"https:\\\/\\\/museoomero.it\\\/eo\\\/eventoj\\\/18a-de-majo-internacia-tago-de-muzeoj-vojagante-sur-la-maro-boato\\\/\"},\"author\":{\"name\":\"omero-admin\",\"@id\":\"https:\\\/\\\/museoomero.it\\\/eo\\\/#\\\/schema\\\/person\\\/885e8001e6bf5a306ba6135946f7d968\"},\"headline\":\"18a de Majo Internacia Tago de Muzeoj: Voja\u011dante, sur la maro, boato\u2026\",\"datePublished\":\"2014-05-01T22:00:00+00:00\",\"dateModified\":\"2020-10-20T09:56:10+00:00\",\"mainEntityOfPage\":{\"@id\":\"https:\\\/\\\/museoomero.it\\\/eo\\\/eventoj\\\/18a-de-majo-internacia-tago-de-muzeoj-vojagante-sur-la-maro-boato\\\/\"},\"wordCount\":268,\"commentCount\":0,\"publisher\":{\"@id\":\"https:\\\/\\\/museoomero.it\\\/eo\\\/#organization\"},\"articleSection\":[\"Eventoj\"],\"inLanguage\":\"eo-UY\"},{\"@type\":\"WebPage\",\"@id\":\"https:\\\/\\\/museoomero.it\\\/eo\\\/eventoj\\\/18a-de-majo-internacia-tago-de-muzeoj-vojagante-sur-la-maro-boato\\\/\",\"url\":\"https:\\\/\\\/museoomero.it\\\/eo\\\/eventoj\\\/18a-de-majo-internacia-tago-de-muzeoj-vojagante-sur-la-maro-boato\\\/\",\"name\":\"18a de Majo Internacia Tago de Muzeoj: Voja\u011dante, sur la maro, boato\u2026 - Museo Omero\",\"isPartOf\":{\"@id\":\"https:\\\/\\\/museoomero.it\\\/eo\\\/#website\"},\"datePublished\":\"2014-05-01T22:00:00+00:00\",\"dateModified\":\"2020-10-20T09:56:10+00:00\",\"breadcrumb\":{\"@id\":\"https:\\\/\\\/museoomero.it\\\/eo\\\/eventoj\\\/18a-de-majo-internacia-tago-de-muzeoj-vojagante-sur-la-maro-boato\\\/#breadcrumb\"},\"inLanguage\":\"eo-UY\",\"potentialAction\":[{\"@type\":\"ReadAction\",\"target\":[\"https:\\\/\\\/museoomero.it\\\/eo\\\/eventoj\\\/18a-de-majo-internacia-tago-de-muzeoj-vojagante-sur-la-maro-boato\\\/\"]}]},{\"@type\":\"BreadcrumbList\",\"@id\":\"https:\\\/\\\/museoomero.it\\\/eo\\\/eventoj\\\/18a-de-majo-internacia-tago-de-muzeoj-vojagante-sur-la-maro-boato\\\/#breadcrumb\",\"itemListElement\":[{\"@type\":\"ListItem\",\"position\":1,\"name\":\"Eventoj\",\"item\":\"https:\\\/\\\/museoomero.it\\\/eo\\\/eventoj\\\/\"},{\"@type\":\"ListItem\",\"position\":2,\"name\":\"18a de Majo Internacia Tago de Muzeoj: Voja\u011dante, sur la maro, boato\u2026\"}]},{\"@type\":\"WebSite\",\"@id\":\"https:\\\/\\\/museoomero.it\\\/eo\\\/#website\",\"url\":\"https:\\\/\\\/museoomero.it\\\/eo\\\/\",\"name\":\"Museo Omero\",\"description\":\"Museo Tattile Statale\",\"publisher\":{\"@id\":\"https:\\\/\\\/museoomero.it\\\/eo\\\/#organization\"},\"potentialAction\":[{\"@type\":\"SearchAction\",\"target\":{\"@type\":\"EntryPoint\",\"urlTemplate\":\"https:\\\/\\\/museoomero.it\\\/eo\\\/?s={search_term_string}\"},\"query-input\":{\"@type\":\"PropertyValueSpecification\",\"valueRequired\":true,\"valueName\":\"search_term_string\"}}],\"inLanguage\":\"eo-UY\"},{\"@type\":\"Organization\",\"@id\":\"https:\\\/\\\/museoomero.it\\\/eo\\\/#organization\",\"name\":\"Museo Omero\",\"url\":\"https:\\\/\\\/museoomero.it\\\/eo\\\/\",\"logo\":{\"@type\":\"ImageObject\",\"inLanguage\":\"eo-UY\",\"@id\":\"https:\\\/\\\/museoomero.it\\\/eo\\\/#\\\/schema\\\/logo\\\/image\\\/\",\"url\":\"https:\\\/\\\/museoomero.it\\\/wp-content\\\/uploads\\\/2019\\\/12\\\/logo_museoomero_nomibact.png\",\"contentUrl\":\"https:\\\/\\\/museoomero.it\\\/wp-content\\\/uploads\\\/2019\\\/12\\\/logo_museoomero_nomibact.png\",\"width\":400,\"height\":127,\"caption\":\"Museo Omero\"},\"image\":{\"@id\":\"https:\\\/\\\/museoomero.it\\\/eo\\\/#\\\/schema\\\/logo\\\/image\\\/\"}},{\"@type\":\"Person\",\"@id\":\"https:\\\/\\\/museoomero.it\\\/eo\\\/#\\\/schema\\\/person\\\/885e8001e6bf5a306ba6135946f7d968\",\"name\":\"omero-admin\",\"image\":{\"@type\":\"ImageObject\",\"inLanguage\":\"eo-UY\",\"@id\":\"https:\\\/\\\/secure.gravatar.com\\\/avatar\\\/a51100295d6e6406d27bf9f918325dfd159b80e145ffdec053ac134c44a4ddd3?s=96&d=mm&r=g\",\"url\":\"https:\\\/\\\/secure.gravatar.com\\\/avatar\\\/a51100295d6e6406d27bf9f918325dfd159b80e145ffdec053ac134c44a4ddd3?s=96&d=mm&r=g\",\"contentUrl\":\"https:\\\/\\\/secure.gravatar.com\\\/avatar\\\/a51100295d6e6406d27bf9f918325dfd159b80e145ffdec053ac134c44a4ddd3?s=96&d=mm&r=g\",\"caption\":\"omero-admin\"}}]}<\/script>\n<!-- \/ Yoast SEO plugin. -->","yoast_head_json":{"title":"18a de Majo Internacia Tago de Muzeoj: Voja\u011dante, sur la maro, boato\u2026 - Museo Omero","robots":{"index":"index","follow":"follow","max-snippet":"max-snippet:-1","max-image-preview":"max-image-preview:large","max-video-preview":"max-video-preview:-1"},"canonical":"https:\/\/museoomero.it\/eo\/eventoj\/18a-de-majo-internacia-tago-de-muzeoj-vojagante-sur-la-maro-boato\/","og_locale":"eo_EO","og_type":"article","og_title":"18a de Majo Internacia Tago de Muzeoj: Voja\u011dante, sur la maro, boato\u2026 - Museo Omero","og_description":"Diman\u0109on la 18an de Majo je la 17,00 \u015ctata Palpsenta Muzeo Homero, Ankono Didaktika laborejo por familioj kaj infanoj 4- \u011dis 10-jaraj","og_url":"https:\/\/museoomero.it\/eo\/eventoj\/18a-de-majo-internacia-tago-de-muzeoj-vojagante-sur-la-maro-boato\/","og_site_name":"Museo Omero","article_published_time":"2014-05-01T22:00:00+00:00","article_modified_time":"2020-10-20T09:56:10+00:00","author":"omero-admin","twitter_card":"summary_large_image","twitter_misc":{"Written by":"omero-admin","Est. reading time":"1 minute"},"schema":{"@context":"https:\/\/schema.org","@graph":[{"@type":"Article","@id":"https:\/\/museoomero.it\/eo\/eventoj\/18a-de-majo-internacia-tago-de-muzeoj-vojagante-sur-la-maro-boato\/#article","isPartOf":{"@id":"https:\/\/museoomero.it\/eo\/eventoj\/18a-de-majo-internacia-tago-de-muzeoj-vojagante-sur-la-maro-boato\/"},"author":{"name":"omero-admin","@id":"https:\/\/museoomero.it\/eo\/#\/schema\/person\/885e8001e6bf5a306ba6135946f7d968"},"headline":"18a de Majo Internacia Tago de Muzeoj: Voja\u011dante, sur la maro, boato\u2026","datePublished":"2014-05-01T22:00:00+00:00","dateModified":"2020-10-20T09:56:10+00:00","mainEntityOfPage":{"@id":"https:\/\/museoomero.it\/eo\/eventoj\/18a-de-majo-internacia-tago-de-muzeoj-vojagante-sur-la-maro-boato\/"},"wordCount":268,"commentCount":0,"publisher":{"@id":"https:\/\/museoomero.it\/eo\/#organization"},"articleSection":["Eventoj"],"inLanguage":"eo-UY"},{"@type":"WebPage","@id":"https:\/\/museoomero.it\/eo\/eventoj\/18a-de-majo-internacia-tago-de-muzeoj-vojagante-sur-la-maro-boato\/","url":"https:\/\/museoomero.it\/eo\/eventoj\/18a-de-majo-internacia-tago-de-muzeoj-vojagante-sur-la-maro-boato\/","name":"18a de Majo Internacia Tago de Muzeoj: Voja\u011dante, sur la maro, boato\u2026 - Museo Omero","isPartOf":{"@id":"https:\/\/museoomero.it\/eo\/#website"},"datePublished":"2014-05-01T22:00:00+00:00","dateModified":"2020-10-20T09:56:10+00:00","breadcrumb":{"@id":"https:\/\/museoomero.it\/eo\/eventoj\/18a-de-majo-internacia-tago-de-muzeoj-vojagante-sur-la-maro-boato\/#breadcrumb"},"inLanguage":"eo-UY","potentialAction":[{"@type":"ReadAction","target":["https:\/\/museoomero.it\/eo\/eventoj\/18a-de-majo-internacia-tago-de-muzeoj-vojagante-sur-la-maro-boato\/"]}]},{"@type":"BreadcrumbList","@id":"https:\/\/museoomero.it\/eo\/eventoj\/18a-de-majo-internacia-tago-de-muzeoj-vojagante-sur-la-maro-boato\/#breadcrumb","itemListElement":[{"@type":"ListItem","position":1,"name":"Eventoj","item":"https:\/\/museoomero.it\/eo\/eventoj\/"},{"@type":"ListItem","position":2,"name":"18a de Majo Internacia Tago de Muzeoj: Voja\u011dante, sur la maro, boato\u2026"}]},{"@type":"WebSite","@id":"https:\/\/museoomero.it\/eo\/#website","url":"https:\/\/museoomero.it\/eo\/","name":"Museo Omero","description":"Museo Tattile Statale","publisher":{"@id":"https:\/\/museoomero.it\/eo\/#organization"},"potentialAction":[{"@type":"SearchAction","target":{"@type":"EntryPoint","urlTemplate":"https:\/\/museoomero.it\/eo\/?s={search_term_string}"},"query-input":{"@type":"PropertyValueSpecification","valueRequired":true,"valueName":"search_term_string"}}],"inLanguage":"eo-UY"},{"@type":"Organization","@id":"https:\/\/museoomero.it\/eo\/#organization","name":"Museo Omero","url":"https:\/\/museoomero.it\/eo\/","logo":{"@type":"ImageObject","inLanguage":"eo-UY","@id":"https:\/\/museoomero.it\/eo\/#\/schema\/logo\/image\/","url":"https:\/\/museoomero.it\/wp-content\/uploads\/2019\/12\/logo_museoomero_nomibact.png","contentUrl":"https:\/\/museoomero.it\/wp-content\/uploads\/2019\/12\/logo_museoomero_nomibact.png","width":400,"height":127,"caption":"Museo Omero"},"image":{"@id":"https:\/\/museoomero.it\/eo\/#\/schema\/logo\/image\/"}},{"@type":"Person","@id":"https:\/\/museoomero.it\/eo\/#\/schema\/person\/885e8001e6bf5a306ba6135946f7d968","name":"omero-admin","image":{"@type":"ImageObject","inLanguage":"eo-UY","@id":"https:\/\/secure.gravatar.com\/avatar\/a51100295d6e6406d27bf9f918325dfd159b80e145ffdec053ac134c44a4ddd3?s=96&d=mm&r=g","url":"https:\/\/secure.gravatar.com\/avatar\/a51100295d6e6406d27bf9f918325dfd159b80e145ffdec053ac134c44a4ddd3?s=96&d=mm&r=g","contentUrl":"https:\/\/secure.gravatar.com\/avatar\/a51100295d6e6406d27bf9f918325dfd159b80e145ffdec053ac134c44a4ddd3?s=96&d=mm&r=g","caption":"omero-admin"}}]}},"jetpack_featured_media_url":"","jetpack_sharing_enabled":true,"_links":{"self":[{"href":"https:\/\/museoomero.it\/eo\/wp-json\/wp\/v2\/posts\/1136","targetHints":{"allow":["GET"]}}],"collection":[{"href":"https:\/\/museoomero.it\/eo\/wp-json\/wp\/v2\/posts"}],"about":[{"href":"https:\/\/museoomero.it\/eo\/wp-json\/wp\/v2\/types\/post"}],"author":[{"embeddable":true,"href":"https:\/\/museoomero.it\/eo\/wp-json\/wp\/v2\/users\/1"}],"replies":[{"embeddable":true,"href":"https:\/\/museoomero.it\/eo\/wp-json\/wp\/v2\/comments?post=1136"}],"version-history":[{"count":2,"href":"https:\/\/museoomero.it\/eo\/wp-json\/wp\/v2\/posts\/1136\/revisions"}],"predecessor-version":[{"id":14046,"href":"https:\/\/museoomero.it\/eo\/wp-json\/wp\/v2\/posts\/1136\/revisions\/14046"}],"wp:attachment":[{"href":"https:\/\/museoomero.it\/eo\/wp-json\/wp\/v2\/media?parent=1136"}],"wp:term":[{"taxonomy":"category","embeddable":true,"href":"https:\/\/museoomero.it\/eo\/wp-json\/wp\/v2\/categories?post=1136"},{"taxonomy":"post_tag","embeddable":true,"href":"https:\/\/museoomero.it\/eo\/wp-json\/wp\/v2\/tags?post=1136"}],"curies":[{"name":"wp","href":"https:\/\/api.w.org\/{rel}","templated":true}]}}