{"id":44029,"date":"2026-09-03T15:39:47","date_gmt":"2026-09-03T13:39:47","guid":{"rendered":"https:\/\/museoomero.it\/eventoj\/la-muzeo-omero-prelegas-en-bazelo\/"},"modified":"2026-09-03T15:39:57","modified_gmt":"2026-09-03T13:39:57","slug":"la-muzeo-omero-prelegas-en-bazelo","status":"publish","type":"post","link":"https:\/\/museoomero.it\/eo\/informoj\/la-muzeo-omero-prelegas-en-bazelo\/","title":{"rendered":"La Muzeo Omero prelegas en Bazelo"},"content":{"rendered":"\n<p class=\"wp-block-paragraph\"><strong>3-a de septembro 2026, je la 18:30.<\/strong><br\/>Fin-somera interkona aperitivo, organizita de la <strong>Itala Komerca \u0108ambro por Svislando<\/strong>.<\/p>\n\n<p class=\"wp-block-paragraph\">La \u015ctata Taktila Muzeo Omero partoprenas en la <strong>Fin-somera Interkona Aperitivo<\/strong>, planita por la <strong>3-a de septembro en Bazelo<\/strong>.<\/p>\n\n<p class=\"wp-block-paragraph\">La evento estas organizita de la <strong>Itala Komerca \u0108ambro por Svislando (CCIS)<\/strong> kaj ina\u016dguras la novan sezonon de la Bazela Sekcio.<\/p>\n\n<p class=\"wp-block-paragraph\">La renkonti\u011do kunvenigos entreprenistojn, profesiulojn kaj membrojn de la itala-svisa komunumo. La celo estas faciligi la renkonti\u011don, la inter\u015dan\u011don de spertoj kaj la naski\u011don de novaj kunlaboroj.<\/p>\n\n<h2 class=\"wp-block-heading\">La Muzeo Omero malfermas la programon<\/h2>\n\n<p class=\"wp-block-paragraph\">La evento malfermi\u011dos per rekta lifeliga konekto. Parolos <strong>Annalisa Trasatti<\/strong>, kunordiganto de la servoj, kaj <strong>Andrea Socrati<\/strong>, respondeculo pri alirebleco. Per taktila sperto kaj diskuto kun la partoprenantoj, ili montros kiel la tu\u015dsenso ebligas koni formojn, surfacojn kaj materialojn.<\/p>\n\n<p class=\"wp-block-paragraph\">La sperto donos anka\u016d la okazon por rekrudi pri la rolo de la sensoj en la konado kaj pri la eblo krei pli rektan rilaton kun la arto.<\/p>\n\n<h2 class=\"wp-block-heading\">Alirebla kaj plurtsensa muzeo<\/h2>\n\n<p class=\"wp-block-paragraph\">La konekto ebligos prezenti la plurtsensan aliron de Muzeo Omero.<\/p>\n\n<p class=\"wp-block-paragraph\">En nia Muzeo la tu\u015do estas integra parto de la vizitsperto. Alirebleco ne estas aldonita servo, sed centra elemento en la maniero projekti kaj vivi la kulturan sperton.<\/p>\n\n<p class=\"wp-block-paragraph\">La partopreno en la bazela renkonti\u011do estas plia okazo por dividi \u0109i tiun sperton en internacia kunteksto kaj promocii kulturon \u0109iam pli <strong>alireblan<\/strong> kaj <strong>inkluzivan<\/strong>.<\/p>\n\n<p class=\"wp-block-paragraph\">Dum la vespero estos prezentitaj anka\u016d la venontaj iniciatoj de la <strong>CCIS Basel Community<\/strong>, naskita por kunligi entreprenistojn, profesiulojn kaj novigantojn per renkonti\u011doj kaj interkonaj agadoj.<\/p>\n","protected":false},"excerpt":{"rendered":"<p>3-a de septembro 2026, je la 18:30.<br \/>\nFin-somera interkona aperitivo, organizita de la Itala Komerca \u0108ambro por Svislando.<\/p>\n","protected":false},"author":6,"featured_media":44028,"comment_status":"closed","ping_status":"closed","sticky":false,"template":"","format":"standard","meta":{"_acf_changed":false,"_jetpack_newsletter_access":"","_jetpack_dont_email_post_to_subs":false,"_jetpack_newsletter_tier_id":0,"_jetpack_memberships_contains_paywalled_content":false,"_jetpack_feature_clip_id":0,"_jetpack_memberships_contains_paid_content":false,"footnotes":"","jetpack_post_was_ever_published":false},"categories":[186],"tags":[2248,2249,2250],"class_list":["post-44029","post","type-post","status-publish","format-standard","has-post-thumbnail","hentry","category-informoj","tag-muzeo-omero","tag-itala-komerca-cambro-por-svislando-ccis","tag-bazelo"],"acf":[],"yoast_head":"<!-- This site is optimized with the Yoast SEO plugin v28.4 - https:\/\/yoast.com\/product\/yoast-seo-wordpress\/ -->\n<title>La Muzeo Omero prelegas en Bazelo - Museo Omero<\/title>\n<meta name=\"description\" content=\"La \u015ctata Taktila Muzeo Omero partoprenas en la Fin-somera Interkona Aperitivo, planita por la 3-a de septembro en Bazelo.\" \/>\n<meta name=\"robots\" content=\"index, follow, max-snippet:-1, max-image-preview:large, max-video-preview:-1\" \/>\n<link rel=\"canonical\" href=\"https:\/\/museoomero.it\/eo\/informoj\/la-muzeo-omero-prelegas-en-bazelo\/\" \/>\n<meta property=\"og:locale\" content=\"eo_EO\" \/>\n<meta property=\"og:type\" content=\"article\" \/>\n<meta property=\"og:title\" content=\"La Muzeo Omero prelegas en Bazelo - Museo Omero\" \/>\n<meta property=\"og:description\" content=\"La \u015ctata Taktila Muzeo Omero partoprenas en la Fin-somera Interkona Aperitivo, planita por la 3-a de septembro en Bazelo.\" \/>\n<meta property=\"og:url\" content=\"https:\/\/museoomero.it\/eo\/informoj\/la-muzeo-omero-prelegas-en-bazelo\/\" \/>\n<meta property=\"og:site_name\" content=\"Museo Omero\" \/>\n<meta property=\"article:published_time\" content=\"2026-09-03T13:39:47+00:00\" \/>\n<meta property=\"article:modified_time\" content=\"2026-09-03T13:39:57+00:00\" \/>\n<meta property=\"og:image\" content=\"https:\/\/museoomero.it\/wp-content\/uploads\/2026\/08\/notizie-2026-museoomero-basilea.jpg\" \/>\n\t<meta property=\"og:image:width\" content=\"1200\" \/>\n\t<meta property=\"og:image:height\" content=\"482\" \/>\n\t<meta property=\"og:image:type\" content=\"image\/jpeg\" \/>\n<meta name=\"author\" content=\"Alessia Varricchio\" \/>\n<meta name=\"twitter:card\" content=\"summary_large_image\" \/>\n<meta name=\"twitter:label1\" content=\"Written by\" \/>\n\t<meta name=\"twitter:data1\" content=\"Alessia Varricchio\" \/>\n\t<meta name=\"twitter:label2\" content=\"Est. reading time\" \/>\n\t<meta name=\"twitter:data2\" content=\"1 minute\" \/>\n<script type=\"application\/ld+json\" class=\"yoast-schema-graph\">{\"@context\":\"https:\\\/\\\/schema.org\",\"@graph\":[{\"@type\":\"Article\",\"@id\":\"https:\\\/\\\/museoomero.it\\\/eo\\\/informoj\\\/la-muzeo-omero-prelegas-en-bazelo\\\/#article\",\"isPartOf\":{\"@id\":\"https:\\\/\\\/museoomero.it\\\/eo\\\/informoj\\\/la-muzeo-omero-prelegas-en-bazelo\\\/\"},\"author\":{\"name\":\"Alessia Varricchio\",\"@id\":\"https:\\\/\\\/museoomero.it\\\/eo\\\/#\\\/schema\\\/person\\\/fa864fe3a97af376fbf72cb7fb3b8283\"},\"headline\":\"La Muzeo Omero prelegas en Bazelo\",\"datePublished\":\"2026-09-03T13:39:47+00:00\",\"dateModified\":\"2026-09-03T13:39:57+00:00\",\"mainEntityOfPage\":{\"@id\":\"https:\\\/\\\/museoomero.it\\\/eo\\\/informoj\\\/la-muzeo-omero-prelegas-en-bazelo\\\/\"},\"wordCount\":266,\"publisher\":{\"@id\":\"https:\\\/\\\/museoomero.it\\\/eo\\\/#organization\"},\"image\":{\"@id\":\"https:\\\/\\\/museoomero.it\\\/eo\\\/informoj\\\/la-muzeo-omero-prelegas-en-bazelo\\\/#primaryimage\"},\"thumbnailUrl\":\"https:\\\/\\\/museoomero.it\\\/wp-content\\\/uploads\\\/2026\\\/08\\\/notizie-2026-museoomero-basilea.jpg\",\"keywords\":[\"muzeo omero\",\"Itala Komerca \u0108ambro por Svislando (CCIS)\",\"Bazelo\"],\"articleSection\":[\"Informoj\"],\"inLanguage\":\"eo-UY\"},{\"@type\":\"WebPage\",\"@id\":\"https:\\\/\\\/museoomero.it\\\/eo\\\/informoj\\\/la-muzeo-omero-prelegas-en-bazelo\\\/\",\"url\":\"https:\\\/\\\/museoomero.it\\\/eo\\\/informoj\\\/la-muzeo-omero-prelegas-en-bazelo\\\/\",\"name\":\"La Muzeo Omero prelegas en Bazelo - Museo Omero\",\"isPartOf\":{\"@id\":\"https:\\\/\\\/museoomero.it\\\/eo\\\/#website\"},\"primaryImageOfPage\":{\"@id\":\"https:\\\/\\\/museoomero.it\\\/eo\\\/informoj\\\/la-muzeo-omero-prelegas-en-bazelo\\\/#primaryimage\"},\"image\":{\"@id\":\"https:\\\/\\\/museoomero.it\\\/eo\\\/informoj\\\/la-muzeo-omero-prelegas-en-bazelo\\\/#primaryimage\"},\"thumbnailUrl\":\"https:\\\/\\\/museoomero.it\\\/wp-content\\\/uploads\\\/2026\\\/08\\\/notizie-2026-museoomero-basilea.jpg\",\"datePublished\":\"2026-09-03T13:39:47+00:00\",\"dateModified\":\"2026-09-03T13:39:57+00:00\",\"description\":\"La \u015ctata Taktila Muzeo Omero partoprenas en la Fin-somera Interkona Aperitivo, planita por la 3-a de septembro en Bazelo.\",\"breadcrumb\":{\"@id\":\"https:\\\/\\\/museoomero.it\\\/eo\\\/informoj\\\/la-muzeo-omero-prelegas-en-bazelo\\\/#breadcrumb\"},\"inLanguage\":\"eo-UY\",\"potentialAction\":[{\"@type\":\"ReadAction\",\"target\":[\"https:\\\/\\\/museoomero.it\\\/eo\\\/informoj\\\/la-muzeo-omero-prelegas-en-bazelo\\\/\"]}]},{\"@type\":\"ImageObject\",\"inLanguage\":\"eo-UY\",\"@id\":\"https:\\\/\\\/museoomero.it\\\/eo\\\/informoj\\\/la-muzeo-omero-prelegas-en-bazelo\\\/#primaryimage\",\"url\":\"https:\\\/\\\/museoomero.it\\\/wp-content\\\/uploads\\\/2026\\\/08\\\/notizie-2026-museoomero-basilea.jpg\",\"contentUrl\":\"https:\\\/\\\/museoomero.it\\\/wp-content\\\/uploads\\\/2026\\\/08\\\/notizie-2026-museoomero-basilea.jpg\",\"width\":1200,\"height\":482,\"caption\":\"Afi\u015do de \\\"CCIS Basel Community\\\" por fin-somera interkona aperitivo. Dekstre, vido de Bazelo je la sunsubiro kun la rivero, ponto kaj la katedralo; malanta\u016de, sur la unua plano, tablo pretigita por aperitivo kun vinver\u015dita kaliko.\"},{\"@type\":\"BreadcrumbList\",\"@id\":\"https:\\\/\\\/museoomero.it\\\/eo\\\/informoj\\\/la-muzeo-omero-prelegas-en-bazelo\\\/#breadcrumb\",\"itemListElement\":[{\"@type\":\"ListItem\",\"position\":1,\"name\":\"Informoj\",\"item\":\"https:\\\/\\\/museoomero.it\\\/eo\\\/informoj\\\/\"},{\"@type\":\"ListItem\",\"position\":2,\"name\":\"La Muzeo Omero prelegas en Bazelo\"}]},{\"@type\":\"WebSite\",\"@id\":\"https:\\\/\\\/museoomero.it\\\/eo\\\/#website\",\"url\":\"https:\\\/\\\/museoomero.it\\\/eo\\\/\",\"name\":\"Museo Omero\",\"description\":\"Museo Tattile Statale\",\"publisher\":{\"@id\":\"https:\\\/\\\/museoomero.it\\\/eo\\\/#organization\"},\"potentialAction\":[{\"@type\":\"SearchAction\",\"target\":{\"@type\":\"EntryPoint\",\"urlTemplate\":\"https:\\\/\\\/museoomero.it\\\/eo\\\/?s={search_term_string}\"},\"query-input\":{\"@type\":\"PropertyValueSpecification\",\"valueRequired\":true,\"valueName\":\"search_term_string\"}}],\"inLanguage\":\"eo-UY\"},{\"@type\":\"Organization\",\"@id\":\"https:\\\/\\\/museoomero.it\\\/eo\\\/#organization\",\"name\":\"Museo Omero\",\"url\":\"https:\\\/\\\/museoomero.it\\\/eo\\\/\",\"logo\":{\"@type\":\"ImageObject\",\"inLanguage\":\"eo-UY\",\"@id\":\"https:\\\/\\\/museoomero.it\\\/eo\\\/#\\\/schema\\\/logo\\\/image\\\/\",\"url\":\"https:\\\/\\\/museoomero.it\\\/wp-content\\\/uploads\\\/2019\\\/12\\\/logo_museoomero_nomibact.png\",\"contentUrl\":\"https:\\\/\\\/museoomero.it\\\/wp-content\\\/uploads\\\/2019\\\/12\\\/logo_museoomero_nomibact.png\",\"width\":400,\"height\":127,\"caption\":\"Museo Omero\"},\"image\":{\"@id\":\"https:\\\/\\\/museoomero.it\\\/eo\\\/#\\\/schema\\\/logo\\\/image\\\/\"}},{\"@type\":\"Person\",\"@id\":\"https:\\\/\\\/museoomero.it\\\/eo\\\/#\\\/schema\\\/person\\\/fa864fe3a97af376fbf72cb7fb3b8283\",\"name\":\"Alessia Varricchio\",\"image\":{\"@type\":\"ImageObject\",\"inLanguage\":\"eo-UY\",\"@id\":\"https:\\\/\\\/secure.gravatar.com\\\/avatar\\\/96ee69e14b83e4b73f8b550c6600f5a6d00296c50c1443951f7ccea99c423d0e?s=96&d=mm&r=g\",\"url\":\"https:\\\/\\\/secure.gravatar.com\\\/avatar\\\/96ee69e14b83e4b73f8b550c6600f5a6d00296c50c1443951f7ccea99c423d0e?s=96&d=mm&r=g\",\"contentUrl\":\"https:\\\/\\\/secure.gravatar.com\\\/avatar\\\/96ee69e14b83e4b73f8b550c6600f5a6d00296c50c1443951f7ccea99c423d0e?s=96&d=mm&r=g\",\"caption\":\"Alessia Varricchio\"}}]}<\/script>\n<!-- \/ Yoast SEO plugin. -->","yoast_head_json":{"title":"La Muzeo Omero prelegas en Bazelo - Museo Omero","description":"La \u015ctata Taktila Muzeo Omero partoprenas en la Fin-somera Interkona Aperitivo, planita por la 3-a de septembro en Bazelo.","robots":{"index":"index","follow":"follow","max-snippet":"max-snippet:-1","max-image-preview":"max-image-preview:large","max-video-preview":"max-video-preview:-1"},"canonical":"https:\/\/museoomero.it\/eo\/informoj\/la-muzeo-omero-prelegas-en-bazelo\/","og_locale":"eo_EO","og_type":"article","og_title":"La Muzeo Omero prelegas en Bazelo - Museo Omero","og_description":"La \u015ctata Taktila Muzeo Omero partoprenas en la Fin-somera Interkona Aperitivo, planita por la 3-a de septembro en Bazelo.","og_url":"https:\/\/museoomero.it\/eo\/informoj\/la-muzeo-omero-prelegas-en-bazelo\/","og_site_name":"Museo Omero","article_published_time":"2026-09-03T13:39:47+00:00","article_modified_time":"2026-09-03T13:39:57+00:00","og_image":[{"width":1200,"height":482,"url":"https:\/\/museoomero.it\/wp-content\/uploads\/2026\/08\/notizie-2026-museoomero-basilea.jpg","type":"image\/jpeg"}],"author":"Alessia Varricchio","twitter_card":"summary_large_image","twitter_misc":{"Written by":"Alessia Varricchio","Est. reading time":"1 minute"},"schema":{"@context":"https:\/\/schema.org","@graph":[{"@type":"Article","@id":"https:\/\/museoomero.it\/eo\/informoj\/la-muzeo-omero-prelegas-en-bazelo\/#article","isPartOf":{"@id":"https:\/\/museoomero.it\/eo\/informoj\/la-muzeo-omero-prelegas-en-bazelo\/"},"author":{"name":"Alessia Varricchio","@id":"https:\/\/museoomero.it\/eo\/#\/schema\/person\/fa864fe3a97af376fbf72cb7fb3b8283"},"headline":"La Muzeo Omero prelegas en Bazelo","datePublished":"2026-09-03T13:39:47+00:00","dateModified":"2026-09-03T13:39:57+00:00","mainEntityOfPage":{"@id":"https:\/\/museoomero.it\/eo\/informoj\/la-muzeo-omero-prelegas-en-bazelo\/"},"wordCount":266,"publisher":{"@id":"https:\/\/museoomero.it\/eo\/#organization"},"image":{"@id":"https:\/\/museoomero.it\/eo\/informoj\/la-muzeo-omero-prelegas-en-bazelo\/#primaryimage"},"thumbnailUrl":"https:\/\/museoomero.it\/wp-content\/uploads\/2026\/08\/notizie-2026-museoomero-basilea.jpg","keywords":["muzeo omero","Itala Komerca \u0108ambro por Svislando (CCIS)","Bazelo"],"articleSection":["Informoj"],"inLanguage":"eo-UY"},{"@type":"WebPage","@id":"https:\/\/museoomero.it\/eo\/informoj\/la-muzeo-omero-prelegas-en-bazelo\/","url":"https:\/\/museoomero.it\/eo\/informoj\/la-muzeo-omero-prelegas-en-bazelo\/","name":"La Muzeo Omero prelegas en Bazelo - Museo Omero","isPartOf":{"@id":"https:\/\/museoomero.it\/eo\/#website"},"primaryImageOfPage":{"@id":"https:\/\/museoomero.it\/eo\/informoj\/la-muzeo-omero-prelegas-en-bazelo\/#primaryimage"},"image":{"@id":"https:\/\/museoomero.it\/eo\/informoj\/la-muzeo-omero-prelegas-en-bazelo\/#primaryimage"},"thumbnailUrl":"https:\/\/museoomero.it\/wp-content\/uploads\/2026\/08\/notizie-2026-museoomero-basilea.jpg","datePublished":"2026-09-03T13:39:47+00:00","dateModified":"2026-09-03T13:39:57+00:00","description":"La \u015ctata Taktila Muzeo Omero partoprenas en la Fin-somera Interkona Aperitivo, planita por la 3-a de septembro en Bazelo.","breadcrumb":{"@id":"https:\/\/museoomero.it\/eo\/informoj\/la-muzeo-omero-prelegas-en-bazelo\/#breadcrumb"},"inLanguage":"eo-UY","potentialAction":[{"@type":"ReadAction","target":["https:\/\/museoomero.it\/eo\/informoj\/la-muzeo-omero-prelegas-en-bazelo\/"]}]},{"@type":"ImageObject","inLanguage":"eo-UY","@id":"https:\/\/museoomero.it\/eo\/informoj\/la-muzeo-omero-prelegas-en-bazelo\/#primaryimage","url":"https:\/\/museoomero.it\/wp-content\/uploads\/2026\/08\/notizie-2026-museoomero-basilea.jpg","contentUrl":"https:\/\/museoomero.it\/wp-content\/uploads\/2026\/08\/notizie-2026-museoomero-basilea.jpg","width":1200,"height":482,"caption":"Afi\u015do de \"CCIS Basel Community\" por fin-somera interkona aperitivo. Dekstre, vido de Bazelo je la sunsubiro kun la rivero, ponto kaj la katedralo; malanta\u016de, sur la unua plano, tablo pretigita por aperitivo kun vinver\u015dita kaliko."},{"@type":"BreadcrumbList","@id":"https:\/\/museoomero.it\/eo\/informoj\/la-muzeo-omero-prelegas-en-bazelo\/#breadcrumb","itemListElement":[{"@type":"ListItem","position":1,"name":"Informoj","item":"https:\/\/museoomero.it\/eo\/informoj\/"},{"@type":"ListItem","position":2,"name":"La Muzeo Omero prelegas en Bazelo"}]},{"@type":"WebSite","@id":"https:\/\/museoomero.it\/eo\/#website","url":"https:\/\/museoomero.it\/eo\/","name":"Museo Omero","description":"Museo Tattile Statale","publisher":{"@id":"https:\/\/museoomero.it\/eo\/#organization"},"potentialAction":[{"@type":"SearchAction","target":{"@type":"EntryPoint","urlTemplate":"https:\/\/museoomero.it\/eo\/?s={search_term_string}"},"query-input":{"@type":"PropertyValueSpecification","valueRequired":true,"valueName":"search_term_string"}}],"inLanguage":"eo-UY"},{"@type":"Organization","@id":"https:\/\/museoomero.it\/eo\/#organization","name":"Museo Omero","url":"https:\/\/museoomero.it\/eo\/","logo":{"@type":"ImageObject","inLanguage":"eo-UY","@id":"https:\/\/museoomero.it\/eo\/#\/schema\/logo\/image\/","url":"https:\/\/museoomero.it\/wp-content\/uploads\/2019\/12\/logo_museoomero_nomibact.png","contentUrl":"https:\/\/museoomero.it\/wp-content\/uploads\/2019\/12\/logo_museoomero_nomibact.png","width":400,"height":127,"caption":"Museo Omero"},"image":{"@id":"https:\/\/museoomero.it\/eo\/#\/schema\/logo\/image\/"}},{"@type":"Person","@id":"https:\/\/museoomero.it\/eo\/#\/schema\/person\/fa864fe3a97af376fbf72cb7fb3b8283","name":"Alessia Varricchio","image":{"@type":"ImageObject","inLanguage":"eo-UY","@id":"https:\/\/secure.gravatar.com\/avatar\/96ee69e14b83e4b73f8b550c6600f5a6d00296c50c1443951f7ccea99c423d0e?s=96&d=mm&r=g","url":"https:\/\/secure.gravatar.com\/avatar\/96ee69e14b83e4b73f8b550c6600f5a6d00296c50c1443951f7ccea99c423d0e?s=96&d=mm&r=g","contentUrl":"https:\/\/secure.gravatar.com\/avatar\/96ee69e14b83e4b73f8b550c6600f5a6d00296c50c1443951f7ccea99c423d0e?s=96&d=mm&r=g","caption":"Alessia Varricchio"}}]}},"jetpack_sharing_enabled":true,"jetpack_featured_media_url":"https:\/\/museoomero.it\/wp-content\/uploads\/2026\/08\/notizie-2026-museoomero-basilea.jpg","_links":{"self":[{"href":"https:\/\/museoomero.it\/eo\/wp-json\/wp\/v2\/posts\/44029","targetHints":{"allow":["GET"]}}],"collection":[{"href":"https:\/\/museoomero.it\/eo\/wp-json\/wp\/v2\/posts"}],"about":[{"href":"https:\/\/museoomero.it\/eo\/wp-json\/wp\/v2\/types\/post"}],"author":[{"embeddable":true,"href":"https:\/\/museoomero.it\/eo\/wp-json\/wp\/v2\/users\/6"}],"replies":[{"embeddable":true,"href":"https:\/\/museoomero.it\/eo\/wp-json\/wp\/v2\/comments?post=44029"}],"version-history":[{"count":3,"href":"https:\/\/museoomero.it\/eo\/wp-json\/wp\/v2\/posts\/44029\/revisions"}],"predecessor-version":[{"id":44032,"href":"https:\/\/museoomero.it\/eo\/wp-json\/wp\/v2\/posts\/44029\/revisions\/44032"}],"wp:featuredmedia":[{"embeddable":true,"href":"https:\/\/museoomero.it\/eo\/wp-json\/wp\/v2\/media\/44028"}],"wp:attachment":[{"href":"https:\/\/museoomero.it\/eo\/wp-json\/wp\/v2\/media?parent=44029"}],"wp:term":[{"taxonomy":"category","embeddable":true,"href":"https:\/\/museoomero.it\/eo\/wp-json\/wp\/v2\/categories?post=44029"},{"taxonomy":"post_tag","embeddable":true,"href":"https:\/\/museoomero.it\/eo\/wp-json\/wp\/v2\/tags?post=44029"}],"curies":[{"name":"wp","href":"https:\/\/api.w.org\/{rel}","templated":true}]}}